{"id":11645,"date":"2026-04-23T17:00:55","date_gmt":"2026-04-23T17:00:55","guid":{"rendered":"https:\/\/vatansehitleri.org\/?p=11645"},"modified":"2026-04-23T17:31:07","modified_gmt":"2026-04-23T17:31:07","slug":"faaliyetler-3","status":"publish","type":"post","link":"https:\/\/vatansehitleri.org\/index.php\/2026\/04\/23\/faaliyetler-3\/","title":{"rendered":"FAAL\u0130YETLER 3"},"content":{"rendered":"\n<figure class=\"wp-block-image size-full\"><img loading=\"lazy\" decoding=\"async\" width=\"945\" height=\"802\" src=\"https:\/\/vatansehitleri.org\/wp-content\/uploads\/2026\/04\/image-10.png\" alt=\"\" class=\"wp-image-11646\" srcset=\"https:\/\/vatansehitleri.org\/wp-content\/uploads\/2026\/04\/image-10.png 945w, https:\/\/vatansehitleri.org\/wp-content\/uploads\/2026\/04\/image-10-300x255.png 300w\" sizes=\"auto, (max-width: 945px) 100vw, 945px\" \/><\/figure>\n\n\n\n<p><\/p>\n\n\n\n<figure class=\"wp-block-image size-full\"><img loading=\"lazy\" decoding=\"async\" width=\"945\" height=\"802\" src=\"https:\/\/vatansehitleri.org\/wp-content\/uploads\/2026\/04\/image-11.png\" alt=\"\" class=\"wp-image-11647\" srcset=\"https:\/\/vatansehitleri.org\/wp-content\/uploads\/2026\/04\/image-11.png 945w, https:\/\/vatansehitleri.org\/wp-content\/uploads\/2026\/04\/image-11-300x255.png 300w\" sizes=\"auto, (max-width: 945px) 100vw, 945px\" \/><\/figure>\n\n\n\n<p><\/p>\n\n\n\n<figure class=\"wp-block-image size-full\"><img loading=\"lazy\" decoding=\"async\" width=\"945\" height=\"802\" src=\"https:\/\/vatansehitleri.org\/wp-content\/uploads\/2026\/04\/image-12.png\" alt=\"\" class=\"wp-image-11648\" srcset=\"https:\/\/vatansehitleri.org\/wp-content\/uploads\/2026\/04\/image-12.png 945w, https:\/\/vatansehitleri.org\/wp-content\/uploads\/2026\/04\/image-12-300x255.png 300w\" sizes=\"auto, (max-width: 945px) 100vw, 945px\" \/><\/figure>\n\n\n\n<figure class=\"wp-block-image size-full\"><img loading=\"lazy\" decoding=\"async\" width=\"756\" height=\"641\" src=\"https:\/\/vatansehitleri.org\/wp-content\/uploads\/2026\/04\/image-262.jpeg\" alt=\"\" class=\"wp-image-11663\" srcset=\"https:\/\/vatansehitleri.org\/wp-content\/uploads\/2026\/04\/image-262.jpeg 756w, https:\/\/vatansehitleri.org\/wp-content\/uploads\/2026\/04\/image-262-300x254.jpeg 300w\" sizes=\"auto, (max-width: 756px) 100vw, 756px\" \/><\/figure>\n\n\n\n<figure class=\"wp-block-image size-full\"><img loading=\"lazy\" decoding=\"async\" width=\"756\" height=\"641\" src=\"https:\/\/vatansehitleri.org\/wp-content\/uploads\/2026\/04\/image-255.jpeg\" alt=\"\" class=\"wp-image-11656\" srcset=\"https:\/\/vatansehitleri.org\/wp-content\/uploads\/2026\/04\/image-255.jpeg 756w, https:\/\/vatansehitleri.org\/wp-content\/uploads\/2026\/04\/image-255-300x254.jpeg 300w\" sizes=\"auto, (max-width: 756px) 100vw, 756px\" \/><\/figure>\n\n\n\n<p><strong>Ekleyen KNN Tun\u00e7<\/strong><\/p>\n\n\n\n<p>********************<\/p>\n\n\n\n<figure class=\"wp-block-image size-full\"><img loading=\"lazy\" decoding=\"async\" width=\"756\" height=\"535\" src=\"https:\/\/vatansehitleri.org\/wp-content\/uploads\/2026\/04\/image-261.jpeg\" alt=\"\" class=\"wp-image-11661\" srcset=\"https:\/\/vatansehitleri.org\/wp-content\/uploads\/2026\/04\/image-261.jpeg 756w, https:\/\/vatansehitleri.org\/wp-content\/uploads\/2026\/04\/image-261-300x212.jpeg 300w\" sizes=\"auto, (max-width: 756px) 100vw, 756px\" \/><\/figure>\n\n\n\n<p><strong>Ekleyen KNN Tun\u00e7<\/strong><\/p>\n\n\n\n<p>*************<\/p>\n\n\n\n<figure class=\"wp-block-image size-full\"><img loading=\"lazy\" decoding=\"async\" width=\"756\" height=\"439\" src=\"https:\/\/vatansehitleri.org\/wp-content\/uploads\/2026\/04\/image-250.jpeg\" alt=\"\" class=\"wp-image-11649\" srcset=\"https:\/\/vatansehitleri.org\/wp-content\/uploads\/2026\/04\/image-250.jpeg 756w, https:\/\/vatansehitleri.org\/wp-content\/uploads\/2026\/04\/image-250-300x174.jpeg 300w\" sizes=\"auto, (max-width: 756px) 100vw, 756px\" \/><\/figure>\n\n\n\n<p><strong>**********************<\/strong><\/p>\n\n\n\n<p>********************<\/p>\n\n\n\n<p>Cumhurba\u015fkan\u0131 Recep Tayyip Erdo\u011fan, Fatih Belediyesi K\u00fclt\u00fcrel Miras\u0131 \u0130hya Restorasyon Projeleri Tan\u0131t\u0131m Program\u0131&#8217;na kat\u0131ld\u0131. Pro\u011frama ayr\u0131ca Aile ve Sosyal Politikalar Bakan\u0131 Fatma Bet\u00fcl Sayan Kaya, \u0130stanbul Valisi Vasip \u015eahin, \u0130stanbul B\u00fcy\u00fck\u015fehir Belediye Ba\u015fkan\u0131 Mevl\u00fct Uysal, Fatih Belediye Ba\u015fkan\u0131 Mustafa Demir, Ak Parti \u0130l ve il\u00e7e Ba\u015fkanlar\u0131 kat\u0131ld\u0131. Dernek Y\u00f6netimi olarak Pro\u011frama haz\u0131r bulunan \u00fcyelerimiz ile beraber kat\u0131ld\u0131k.<\/p>\n\n\n\n<p>11.11.2017<\/p>\n\n\n\n<p><strong>Ekleyen KNN Tun\u00e7<\/strong><\/p>\n\n\n\n<figure class=\"wp-block-image size-full\"><img loading=\"lazy\" decoding=\"async\" width=\"756\" height=\"558\" src=\"https:\/\/vatansehitleri.org\/wp-content\/uploads\/2026\/04\/image-249.jpeg\" alt=\"\" class=\"wp-image-11650\" srcset=\"https:\/\/vatansehitleri.org\/wp-content\/uploads\/2026\/04\/image-249.jpeg 756w, https:\/\/vatansehitleri.org\/wp-content\/uploads\/2026\/04\/image-249-300x221.jpeg 300w\" sizes=\"auto, (max-width: 756px) 100vw, 756px\" \/><\/figure>\n\n\n\n<figure class=\"wp-block-image size-full\"><img loading=\"lazy\" decoding=\"async\" width=\"756\" height=\"559\" src=\"https:\/\/vatansehitleri.org\/wp-content\/uploads\/2026\/04\/image-264.jpeg\" alt=\"\" class=\"wp-image-11666\" srcset=\"https:\/\/vatansehitleri.org\/wp-content\/uploads\/2026\/04\/image-264.jpeg 756w, https:\/\/vatansehitleri.org\/wp-content\/uploads\/2026\/04\/image-264-300x222.jpeg 300w\" sizes=\"auto, (max-width: 756px) 100vw, 756px\" \/><\/figure>\n\n\n\n<figure class=\"wp-block-image size-full\"><img loading=\"lazy\" decoding=\"async\" width=\"756\" height=\"506\" src=\"https:\/\/vatansehitleri.org\/wp-content\/uploads\/2026\/04\/image-265.jpeg\" alt=\"\" class=\"wp-image-11664\" srcset=\"https:\/\/vatansehitleri.org\/wp-content\/uploads\/2026\/04\/image-265.jpeg 756w, https:\/\/vatansehitleri.org\/wp-content\/uploads\/2026\/04\/image-265-300x201.jpeg 300w\" sizes=\"auto, (max-width: 756px) 100vw, 756px\" \/><\/figure>\n\n\n\n<figure class=\"wp-block-image size-full\"><img loading=\"lazy\" decoding=\"async\" width=\"756\" height=\"506\" src=\"https:\/\/vatansehitleri.org\/wp-content\/uploads\/2026\/04\/image-257.jpeg\" alt=\"\" class=\"wp-image-11657\" srcset=\"https:\/\/vatansehitleri.org\/wp-content\/uploads\/2026\/04\/image-257.jpeg 756w, https:\/\/vatansehitleri.org\/wp-content\/uploads\/2026\/04\/image-257-300x201.jpeg 300w\" sizes=\"auto, (max-width: 756px) 100vw, 756px\" \/><\/figure>\n\n\n\n<figure class=\"wp-block-image size-full\"><img loading=\"lazy\" decoding=\"async\" width=\"756\" height=\"521\" src=\"https:\/\/vatansehitleri.org\/wp-content\/uploads\/2026\/04\/image-252.jpeg\" alt=\"\" class=\"wp-image-11653\" srcset=\"https:\/\/vatansehitleri.org\/wp-content\/uploads\/2026\/04\/image-252.jpeg 756w, https:\/\/vatansehitleri.org\/wp-content\/uploads\/2026\/04\/image-252-300x207.jpeg 300w\" sizes=\"auto, (max-width: 756px) 100vw, 756px\" \/><\/figure>\n\n\n\n<figure class=\"wp-block-image size-full\"><img loading=\"lazy\" decoding=\"async\" width=\"756\" height=\"506\" src=\"https:\/\/vatansehitleri.org\/wp-content\/uploads\/2026\/04\/image-251.jpeg\" alt=\"\" class=\"wp-image-11654\" srcset=\"https:\/\/vatansehitleri.org\/wp-content\/uploads\/2026\/04\/image-251.jpeg 756w, https:\/\/vatansehitleri.org\/wp-content\/uploads\/2026\/04\/image-251-300x201.jpeg 300w\" sizes=\"auto, (max-width: 756px) 100vw, 756px\" \/><\/figure>\n\n\n\n<figure class=\"wp-block-image size-full\"><img loading=\"lazy\" decoding=\"async\" width=\"756\" height=\"506\" src=\"https:\/\/vatansehitleri.org\/wp-content\/uploads\/2026\/04\/image-254.jpeg\" alt=\"\" class=\"wp-image-11652\" srcset=\"https:\/\/vatansehitleri.org\/wp-content\/uploads\/2026\/04\/image-254.jpeg 756w, https:\/\/vatansehitleri.org\/wp-content\/uploads\/2026\/04\/image-254-300x201.jpeg 300w\" sizes=\"auto, (max-width: 756px) 100vw, 756px\" \/><\/figure>\n\n\n\n<figure class=\"wp-block-image size-full\"><img loading=\"lazy\" decoding=\"async\" width=\"756\" height=\"930\" src=\"https:\/\/vatansehitleri.org\/wp-content\/uploads\/2026\/04\/image-260.jpeg\" alt=\"\" class=\"wp-image-11662\" srcset=\"https:\/\/vatansehitleri.org\/wp-content\/uploads\/2026\/04\/image-260.jpeg 756w, https:\/\/vatansehitleri.org\/wp-content\/uploads\/2026\/04\/image-260-244x300.jpeg 244w\" sizes=\"auto, (max-width: 756px) 100vw, 756px\" \/><\/figure>\n\n\n\n<figure class=\"wp-block-image size-full\"><img loading=\"lazy\" decoding=\"async\" width=\"756\" height=\"506\" src=\"https:\/\/vatansehitleri.org\/wp-content\/uploads\/2026\/04\/image-253.jpeg\" alt=\"\" class=\"wp-image-11651\" srcset=\"https:\/\/vatansehitleri.org\/wp-content\/uploads\/2026\/04\/image-253.jpeg 756w, https:\/\/vatansehitleri.org\/wp-content\/uploads\/2026\/04\/image-253-300x201.jpeg 300w\" sizes=\"auto, (max-width: 756px) 100vw, 756px\" \/><\/figure>\n\n\n\n<figure class=\"wp-block-image size-full\"><img loading=\"lazy\" decoding=\"async\" width=\"756\" height=\"506\" src=\"https:\/\/vatansehitleri.org\/wp-content\/uploads\/2026\/04\/image-263.jpeg\" alt=\"\" class=\"wp-image-11665\" srcset=\"https:\/\/vatansehitleri.org\/wp-content\/uploads\/2026\/04\/image-263.jpeg 756w, https:\/\/vatansehitleri.org\/wp-content\/uploads\/2026\/04\/image-263-300x201.jpeg 300w\" sizes=\"auto, (max-width: 756px) 100vw, 756px\" \/><\/figure>\n\n\n\n<figure class=\"wp-block-image size-full\"><img loading=\"lazy\" decoding=\"async\" width=\"756\" height=\"930\" src=\"https:\/\/vatansehitleri.org\/wp-content\/uploads\/2026\/04\/image-260.jpeg\" alt=\"\" class=\"wp-image-11660\" srcset=\"https:\/\/vatansehitleri.org\/wp-content\/uploads\/2026\/04\/image-260.jpeg 756w, https:\/\/vatansehitleri.org\/wp-content\/uploads\/2026\/04\/image-260-244x300.jpeg 244w\" sizes=\"auto, (max-width: 756px) 100vw, 756px\" \/><\/figure>\n\n\n\n<p>********************<\/p>\n\n\n\n<p>10 KASIM 2017<\/p>\n\n\n\n<p>TAKS\u0130M CUMHUR\u0130YET ANITI<\/p>\n\n\n\n<p><strong>Ekleyen KNN Tun\u00e7<\/strong><\/p>\n\n\n\n<figure class=\"wp-block-image size-full\"><img loading=\"lazy\" decoding=\"async\" width=\"756\" height=\"535\" src=\"https:\/\/vatansehitleri.org\/wp-content\/uploads\/2026\/04\/image-259.jpeg\" alt=\"\" class=\"wp-image-11658\" srcset=\"https:\/\/vatansehitleri.org\/wp-content\/uploads\/2026\/04\/image-259.jpeg 756w, https:\/\/vatansehitleri.org\/wp-content\/uploads\/2026\/04\/image-259-300x212.jpeg 300w\" sizes=\"auto, (max-width: 756px) 100vw, 756px\" \/><\/figure>\n\n\n\n<figure class=\"wp-block-image size-full\"><img loading=\"lazy\" decoding=\"async\" width=\"756\" height=\"535\" src=\"https:\/\/vatansehitleri.org\/wp-content\/uploads\/2026\/04\/image-256.jpeg\" alt=\"\" class=\"wp-image-11655\" srcset=\"https:\/\/vatansehitleri.org\/wp-content\/uploads\/2026\/04\/image-256.jpeg 756w, https:\/\/vatansehitleri.org\/wp-content\/uploads\/2026\/04\/image-256-300x212.jpeg 300w\" sizes=\"auto, (max-width: 756px) 100vw, 756px\" \/><\/figure>\n\n\n\n<figure class=\"wp-block-image size-full\"><img loading=\"lazy\" decoding=\"async\" width=\"756\" height=\"535\" src=\"https:\/\/vatansehitleri.org\/wp-content\/uploads\/2026\/04\/image-258.jpeg\" alt=\"\" class=\"wp-image-11659\" srcset=\"https:\/\/vatansehitleri.org\/wp-content\/uploads\/2026\/04\/image-258.jpeg 756w, https:\/\/vatansehitleri.org\/wp-content\/uploads\/2026\/04\/image-258-300x212.jpeg 300w\" sizes=\"auto, (max-width: 756px) 100vw, 756px\" \/><\/figure>\n\n\n\n<figure class=\"wp-block-image size-full\"><img loading=\"lazy\" decoding=\"async\" width=\"945\" height=\"549\" src=\"https:\/\/vatansehitleri.org\/wp-content\/uploads\/2026\/04\/image-13.png\" alt=\"\" class=\"wp-image-11690\" srcset=\"https:\/\/vatansehitleri.org\/wp-content\/uploads\/2026\/04\/image-13.png 945w, https:\/\/vatansehitleri.org\/wp-content\/uploads\/2026\/04\/image-13-300x174.png 300w\" sizes=\"auto, (max-width: 945px) 100vw, 945px\" \/><\/figure>\n\n\n\n<hr class=\"wp-block-separator has-alpha-channel-opacity\"\/>\n\n\n\n<p>1.ci ORDU KOMUTANI &#8211; ORGENERAL MUSA AVSEVER \/ VATAN CADDES\u0130 CUMHUR\u0130YET BAYRAMI ETK\u0130NL\u0130KLER\u0130.<\/p>\n\n\n\n<p>29 EK\u0130M 2017<\/p>\n\n\n\n<figure class=\"wp-block-image size-full\"><img loading=\"lazy\" decoding=\"async\" width=\"945\" height=\"709\" src=\"https:\/\/vatansehitleri.org\/wp-content\/uploads\/2026\/04\/image-14.png\" alt=\"\" class=\"wp-image-11691\" srcset=\"https:\/\/vatansehitleri.org\/wp-content\/uploads\/2026\/04\/image-14.png 945w, https:\/\/vatansehitleri.org\/wp-content\/uploads\/2026\/04\/image-14-300x225.png 300w\" sizes=\"auto, (max-width: 945px) 100vw, 945px\" \/><\/figure>\n\n\n\n<p>VATAN CADDES\u0130 ETK\u0130NL\u0130KLER<\/p>\n\n\n\n<p><strong>Ekleyen KNN Tun\u00e7<\/strong><\/p>\n\n\n\n<figure class=\"wp-block-image size-full\"><img loading=\"lazy\" decoding=\"async\" width=\"756\" height=\"426\" src=\"https:\/\/vatansehitleri.org\/wp-content\/uploads\/2026\/04\/image-277.jpeg\" alt=\"\" class=\"wp-image-11677\" srcset=\"https:\/\/vatansehitleri.org\/wp-content\/uploads\/2026\/04\/image-277.jpeg 756w, https:\/\/vatansehitleri.org\/wp-content\/uploads\/2026\/04\/image-277-300x169.jpeg 300w\" sizes=\"auto, (max-width: 756px) 100vw, 756px\" \/><\/figure>\n\n\n\n<figure class=\"wp-block-image size-full\"><img loading=\"lazy\" decoding=\"async\" width=\"756\" height=\"426\" src=\"https:\/\/vatansehitleri.org\/wp-content\/uploads\/2026\/04\/image-271.jpeg\" alt=\"\" class=\"wp-image-11672\" srcset=\"https:\/\/vatansehitleri.org\/wp-content\/uploads\/2026\/04\/image-271.jpeg 756w, https:\/\/vatansehitleri.org\/wp-content\/uploads\/2026\/04\/image-271-300x169.jpeg 300w\" sizes=\"auto, (max-width: 756px) 100vw, 756px\" \/><\/figure>\n\n\n\n<figure class=\"wp-block-image size-full\"><img loading=\"lazy\" decoding=\"async\" width=\"756\" height=\"426\" src=\"https:\/\/vatansehitleri.org\/wp-content\/uploads\/2026\/04\/image-280.jpeg\" alt=\"\" class=\"wp-image-11680\" srcset=\"https:\/\/vatansehitleri.org\/wp-content\/uploads\/2026\/04\/image-280.jpeg 756w, https:\/\/vatansehitleri.org\/wp-content\/uploads\/2026\/04\/image-280-300x169.jpeg 300w\" sizes=\"auto, (max-width: 756px) 100vw, 756px\" \/><\/figure>\n\n\n\n<figure class=\"wp-block-image size-full\"><img loading=\"lazy\" decoding=\"async\" width=\"756\" height=\"426\" src=\"https:\/\/vatansehitleri.org\/wp-content\/uploads\/2026\/04\/image-276.jpeg\" alt=\"\" class=\"wp-image-11678\" srcset=\"https:\/\/vatansehitleri.org\/wp-content\/uploads\/2026\/04\/image-276.jpeg 756w, https:\/\/vatansehitleri.org\/wp-content\/uploads\/2026\/04\/image-276-300x169.jpeg 300w\" sizes=\"auto, (max-width: 756px) 100vw, 756px\" \/><\/figure>\n\n\n\n<figure class=\"wp-block-image size-full\"><img loading=\"lazy\" decoding=\"async\" width=\"756\" height=\"426\" src=\"https:\/\/vatansehitleri.org\/wp-content\/uploads\/2026\/04\/image-283.jpeg\" alt=\"\" class=\"wp-image-11686\" srcset=\"https:\/\/vatansehitleri.org\/wp-content\/uploads\/2026\/04\/image-283.jpeg 756w, https:\/\/vatansehitleri.org\/wp-content\/uploads\/2026\/04\/image-283-300x169.jpeg 300w\" sizes=\"auto, (max-width: 756px) 100vw, 756px\" \/><\/figure>\n\n\n\n<figure class=\"wp-block-image size-full\"><img loading=\"lazy\" decoding=\"async\" width=\"756\" height=\"426\" src=\"https:\/\/vatansehitleri.org\/wp-content\/uploads\/2026\/04\/image-270.jpeg\" alt=\"\" class=\"wp-image-11671\" srcset=\"https:\/\/vatansehitleri.org\/wp-content\/uploads\/2026\/04\/image-270.jpeg 756w, https:\/\/vatansehitleri.org\/wp-content\/uploads\/2026\/04\/image-270-300x169.jpeg 300w\" sizes=\"auto, (max-width: 756px) 100vw, 756px\" \/><\/figure>\n\n\n\n<figure class=\"wp-block-image size-full\"><img loading=\"lazy\" decoding=\"async\" width=\"756\" height=\"426\" src=\"https:\/\/vatansehitleri.org\/wp-content\/uploads\/2026\/04\/image-280.jpeg\" alt=\"\" class=\"wp-image-11682\" srcset=\"https:\/\/vatansehitleri.org\/wp-content\/uploads\/2026\/04\/image-280.jpeg 756w, https:\/\/vatansehitleri.org\/wp-content\/uploads\/2026\/04\/image-280-300x169.jpeg 300w\" sizes=\"auto, (max-width: 756px) 100vw, 756px\" \/><\/figure>\n\n\n\n<figure class=\"wp-block-image size-full\"><img loading=\"lazy\" decoding=\"async\" width=\"756\" height=\"567\" src=\"https:\/\/vatansehitleri.org\/wp-content\/uploads\/2026\/04\/image-285.jpeg\" alt=\"\" class=\"wp-image-11688\" srcset=\"https:\/\/vatansehitleri.org\/wp-content\/uploads\/2026\/04\/image-285.jpeg 756w, https:\/\/vatansehitleri.org\/wp-content\/uploads\/2026\/04\/image-285-300x225.jpeg 300w\" sizes=\"auto, (max-width: 756px) 100vw, 756px\" \/><\/figure>\n\n\n\n<figure class=\"wp-block-image size-full\"><img loading=\"lazy\" decoding=\"async\" width=\"756\" height=\"567\" src=\"https:\/\/vatansehitleri.org\/wp-content\/uploads\/2026\/04\/image-279.jpeg\" alt=\"\" class=\"wp-image-11681\" srcset=\"https:\/\/vatansehitleri.org\/wp-content\/uploads\/2026\/04\/image-279.jpeg 756w, https:\/\/vatansehitleri.org\/wp-content\/uploads\/2026\/04\/image-279-300x225.jpeg 300w\" sizes=\"auto, (max-width: 756px) 100vw, 756px\" \/><\/figure>\n\n\n\n<figure class=\"wp-block-image size-full\"><img loading=\"lazy\" decoding=\"async\" width=\"756\" height=\"333\" src=\"https:\/\/vatansehitleri.org\/wp-content\/uploads\/2026\/04\/image-272.jpeg\" alt=\"\" class=\"wp-image-11673\" srcset=\"https:\/\/vatansehitleri.org\/wp-content\/uploads\/2026\/04\/image-272.jpeg 756w, https:\/\/vatansehitleri.org\/wp-content\/uploads\/2026\/04\/image-272-300x132.jpeg 300w\" sizes=\"auto, (max-width: 756px) 100vw, 756px\" \/><\/figure>\n\n\n\n<figure class=\"wp-block-image size-full\"><img loading=\"lazy\" decoding=\"async\" width=\"756\" height=\"567\" src=\"https:\/\/vatansehitleri.org\/wp-content\/uploads\/2026\/04\/image-278.jpeg\" alt=\"\" class=\"wp-image-11679\" srcset=\"https:\/\/vatansehitleri.org\/wp-content\/uploads\/2026\/04\/image-278.jpeg 756w, https:\/\/vatansehitleri.org\/wp-content\/uploads\/2026\/04\/image-278-300x225.jpeg 300w\" sizes=\"auto, (max-width: 756px) 100vw, 756px\" \/><\/figure>\n\n\n\n<figure class=\"wp-block-image size-full\"><img loading=\"lazy\" decoding=\"async\" width=\"756\" height=\"567\" src=\"https:\/\/vatansehitleri.org\/wp-content\/uploads\/2026\/04\/image-281.jpeg\" alt=\"\" class=\"wp-image-11683\" srcset=\"https:\/\/vatansehitleri.org\/wp-content\/uploads\/2026\/04\/image-281.jpeg 756w, https:\/\/vatansehitleri.org\/wp-content\/uploads\/2026\/04\/image-281-300x225.jpeg 300w\" sizes=\"auto, (max-width: 756px) 100vw, 756px\" \/><\/figure>\n\n\n\n<figure class=\"wp-block-image size-full\"><img loading=\"lazy\" decoding=\"async\" width=\"756\" height=\"426\" src=\"https:\/\/vatansehitleri.org\/wp-content\/uploads\/2026\/04\/image-283.jpeg\" alt=\"\" class=\"wp-image-11685\" srcset=\"https:\/\/vatansehitleri.org\/wp-content\/uploads\/2026\/04\/image-283.jpeg 756w, https:\/\/vatansehitleri.org\/wp-content\/uploads\/2026\/04\/image-283-300x169.jpeg 300w\" sizes=\"auto, (max-width: 756px) 100vw, 756px\" \/><\/figure>\n\n\n\n<figure class=\"wp-block-image size-full\"><img loading=\"lazy\" decoding=\"async\" width=\"756\" height=\"567\" src=\"https:\/\/vatansehitleri.org\/wp-content\/uploads\/2026\/04\/image-268.jpeg\" alt=\"\" class=\"wp-image-11669\" srcset=\"https:\/\/vatansehitleri.org\/wp-content\/uploads\/2026\/04\/image-268.jpeg 756w, https:\/\/vatansehitleri.org\/wp-content\/uploads\/2026\/04\/image-268-300x225.jpeg 300w\" sizes=\"auto, (max-width: 756px) 100vw, 756px\" \/><\/figure>\n\n\n\n<figure class=\"wp-block-image size-full\"><img loading=\"lazy\" decoding=\"async\" width=\"756\" height=\"567\" src=\"https:\/\/vatansehitleri.org\/wp-content\/uploads\/2026\/04\/image-275.jpeg\" alt=\"\" class=\"wp-image-11676\" srcset=\"https:\/\/vatansehitleri.org\/wp-content\/uploads\/2026\/04\/image-275.jpeg 756w, https:\/\/vatansehitleri.org\/wp-content\/uploads\/2026\/04\/image-275-300x225.jpeg 300w\" sizes=\"auto, (max-width: 756px) 100vw, 756px\" \/><\/figure>\n\n\n\n<figure class=\"wp-block-image size-full\"><img loading=\"lazy\" decoding=\"async\" width=\"756\" height=\"567\" src=\"https:\/\/vatansehitleri.org\/wp-content\/uploads\/2026\/04\/image-282.jpeg\" alt=\"\" class=\"wp-image-11684\" srcset=\"https:\/\/vatansehitleri.org\/wp-content\/uploads\/2026\/04\/image-282.jpeg 756w, https:\/\/vatansehitleri.org\/wp-content\/uploads\/2026\/04\/image-282-300x225.jpeg 300w\" sizes=\"auto, (max-width: 756px) 100vw, 756px\" \/><\/figure>\n\n\n\n<figure class=\"wp-block-image size-full\"><img loading=\"lazy\" decoding=\"async\" width=\"756\" height=\"549\" src=\"https:\/\/vatansehitleri.org\/wp-content\/uploads\/2026\/04\/image-284.jpeg\" alt=\"\" class=\"wp-image-11687\" srcset=\"https:\/\/vatansehitleri.org\/wp-content\/uploads\/2026\/04\/image-284.jpeg 756w, https:\/\/vatansehitleri.org\/wp-content\/uploads\/2026\/04\/image-284-300x218.jpeg 300w\" sizes=\"auto, (max-width: 756px) 100vw, 756px\" \/><\/figure>\n\n\n\n<figure class=\"wp-block-image size-full\"><img loading=\"lazy\" decoding=\"async\" width=\"756\" height=\"567\" src=\"https:\/\/vatansehitleri.org\/wp-content\/uploads\/2026\/04\/image-269.jpeg\" alt=\"\" class=\"wp-image-11670\" srcset=\"https:\/\/vatansehitleri.org\/wp-content\/uploads\/2026\/04\/image-269.jpeg 756w, https:\/\/vatansehitleri.org\/wp-content\/uploads\/2026\/04\/image-269-300x225.jpeg 300w\" sizes=\"auto, (max-width: 756px) 100vw, 756px\" \/><\/figure>\n\n\n\n<figure class=\"wp-block-image size-full\"><img loading=\"lazy\" decoding=\"async\" width=\"756\" height=\"567\" src=\"https:\/\/vatansehitleri.org\/wp-content\/uploads\/2026\/04\/image-286.jpeg\" alt=\"\" class=\"wp-image-11689\" srcset=\"https:\/\/vatansehitleri.org\/wp-content\/uploads\/2026\/04\/image-286.jpeg 756w, https:\/\/vatansehitleri.org\/wp-content\/uploads\/2026\/04\/image-286-300x225.jpeg 300w\" sizes=\"auto, (max-width: 756px) 100vw, 756px\" \/><\/figure>\n\n\n\n<figure class=\"wp-block-image size-full\"><img loading=\"lazy\" decoding=\"async\" width=\"756\" height=\"535\" src=\"https:\/\/vatansehitleri.org\/wp-content\/uploads\/2026\/04\/image-274.jpeg\" alt=\"\" class=\"wp-image-11675\" srcset=\"https:\/\/vatansehitleri.org\/wp-content\/uploads\/2026\/04\/image-274.jpeg 756w, https:\/\/vatansehitleri.org\/wp-content\/uploads\/2026\/04\/image-274-300x212.jpeg 300w\" sizes=\"auto, (max-width: 756px) 100vw, 756px\" \/><\/figure>\n\n\n\n<figure class=\"wp-block-image size-full\"><img loading=\"lazy\" decoding=\"async\" width=\"756\" height=\"426\" src=\"https:\/\/vatansehitleri.org\/wp-content\/uploads\/2026\/04\/image-273.jpeg\" alt=\"\" class=\"wp-image-11674\" srcset=\"https:\/\/vatansehitleri.org\/wp-content\/uploads\/2026\/04\/image-273.jpeg 756w, https:\/\/vatansehitleri.org\/wp-content\/uploads\/2026\/04\/image-273-300x169.jpeg 300w\" sizes=\"auto, (max-width: 756px) 100vw, 756px\" \/><\/figure>\n\n\n\n<figure class=\"wp-block-image size-full\"><img loading=\"lazy\" decoding=\"async\" width=\"756\" height=\"535\" src=\"https:\/\/vatansehitleri.org\/wp-content\/uploads\/2026\/04\/image-287.jpeg\" alt=\"\" class=\"wp-image-11694\" srcset=\"https:\/\/vatansehitleri.org\/wp-content\/uploads\/2026\/04\/image-287.jpeg 756w, https:\/\/vatansehitleri.org\/wp-content\/uploads\/2026\/04\/image-287-300x212.jpeg 300w\" sizes=\"auto, (max-width: 756px) 100vw, 756px\" \/><\/figure>\n\n\n\n<p><strong>Foto\u011fraf : Umur DEM\u0130RPOLAT<\/strong><\/p>\n\n\n\n<p>********************<\/p>\n\n\n\n<p>Fatih \u00dclk\u00fc Oca\u011f\u0131ndan \u015eehit Ailelerine ziyaret.<\/p>\n\n\n\n<p>28.10.2017<\/p>\n\n\n\n<p><strong>Ekleyen KNN Tun\u00e7<\/strong><\/p>\n\n\n\n<figure class=\"wp-block-image size-full\"><img loading=\"lazy\" decoding=\"async\" width=\"756\" height=\"641\" src=\"https:\/\/vatansehitleri.org\/wp-content\/uploads\/2026\/04\/image-296.jpeg\" alt=\"\" class=\"wp-image-11702\" srcset=\"https:\/\/vatansehitleri.org\/wp-content\/uploads\/2026\/04\/image-296.jpeg 756w, https:\/\/vatansehitleri.org\/wp-content\/uploads\/2026\/04\/image-296-300x254.jpeg 300w\" sizes=\"auto, (max-width: 756px) 100vw, 756px\" \/><\/figure>\n\n\n\n<figure class=\"wp-block-image size-full\"><img loading=\"lazy\" decoding=\"async\" width=\"756\" height=\"641\" src=\"https:\/\/vatansehitleri.org\/wp-content\/uploads\/2026\/04\/image-288.jpeg\" alt=\"\" class=\"wp-image-11695\" srcset=\"https:\/\/vatansehitleri.org\/wp-content\/uploads\/2026\/04\/image-288.jpeg 756w, https:\/\/vatansehitleri.org\/wp-content\/uploads\/2026\/04\/image-288-300x254.jpeg 300w\" sizes=\"auto, (max-width: 756px) 100vw, 756px\" \/><\/figure>\n\n\n\n<figure class=\"wp-block-image size-full\"><img loading=\"lazy\" decoding=\"async\" width=\"756\" height=\"641\" src=\"https:\/\/vatansehitleri.org\/wp-content\/uploads\/2026\/04\/image-289.jpeg\" alt=\"\" class=\"wp-image-11696\" srcset=\"https:\/\/vatansehitleri.org\/wp-content\/uploads\/2026\/04\/image-289.jpeg 756w, https:\/\/vatansehitleri.org\/wp-content\/uploads\/2026\/04\/image-289-300x254.jpeg 300w\" sizes=\"auto, (max-width: 756px) 100vw, 756px\" \/><\/figure>\n\n\n\n<figure class=\"wp-block-image size-full\"><img loading=\"lazy\" decoding=\"async\" width=\"756\" height=\"641\" src=\"https:\/\/vatansehitleri.org\/wp-content\/uploads\/2026\/04\/image-294.jpeg\" alt=\"\" class=\"wp-image-11701\" srcset=\"https:\/\/vatansehitleri.org\/wp-content\/uploads\/2026\/04\/image-294.jpeg 756w, https:\/\/vatansehitleri.org\/wp-content\/uploads\/2026\/04\/image-294-300x254.jpeg 300w\" sizes=\"auto, (max-width: 756px) 100vw, 756px\" \/><\/figure>\n\n\n\n<figure class=\"wp-block-image size-full\"><img loading=\"lazy\" decoding=\"async\" width=\"756\" height=\"641\" src=\"https:\/\/vatansehitleri.org\/wp-content\/uploads\/2026\/04\/image-292.jpeg\" alt=\"\" class=\"wp-image-11700\" srcset=\"https:\/\/vatansehitleri.org\/wp-content\/uploads\/2026\/04\/image-292.jpeg 756w, https:\/\/vatansehitleri.org\/wp-content\/uploads\/2026\/04\/image-292-300x254.jpeg 300w\" sizes=\"auto, (max-width: 756px) 100vw, 756px\" \/><\/figure>\n\n\n\n<figure class=\"wp-block-image size-full\"><img loading=\"lazy\" decoding=\"async\" width=\"756\" height=\"641\" src=\"https:\/\/vatansehitleri.org\/wp-content\/uploads\/2026\/04\/image-291.jpeg\" alt=\"\" class=\"wp-image-11698\" srcset=\"https:\/\/vatansehitleri.org\/wp-content\/uploads\/2026\/04\/image-291.jpeg 756w, https:\/\/vatansehitleri.org\/wp-content\/uploads\/2026\/04\/image-291-300x254.jpeg 300w\" sizes=\"auto, (max-width: 756px) 100vw, 756px\" \/><\/figure>\n\n\n\n<p>********************<\/p>\n\n\n\n<p>ERBAKAN VAKFI&#8217;dan<br>\u015eEH\u0130T A\u0130LELER\u0130 ve GAZ\u0130LER&#8217;e Z\u0130YARET s\u0131ras\u0131nda Kesilen \u015e\u00fck\u00fcr Kurban eti Vakf\u0131n Kad\u0131n Kollar\u0131 \u00dcyelerince takdim edildi<\/p>\n\n\n\n<p><strong>Ekleyen KNN Tun\u00e7<\/strong><\/p>\n\n\n\n<figure class=\"wp-block-image size-full\"><img loading=\"lazy\" decoding=\"async\" width=\"756\" height=\"535\" src=\"https:\/\/vatansehitleri.org\/wp-content\/uploads\/2026\/04\/image-290.jpeg\" alt=\"\" class=\"wp-image-11697\" srcset=\"https:\/\/vatansehitleri.org\/wp-content\/uploads\/2026\/04\/image-290.jpeg 756w, https:\/\/vatansehitleri.org\/wp-content\/uploads\/2026\/04\/image-290-300x212.jpeg 300w\" sizes=\"auto, (max-width: 756px) 100vw, 756px\" \/><\/figure>\n\n\n\n<figure class=\"wp-block-image size-full\"><img loading=\"lazy\" decoding=\"async\" width=\"756\" height=\"535\" src=\"https:\/\/vatansehitleri.org\/wp-content\/uploads\/2026\/04\/image-297.jpeg\" alt=\"\" class=\"wp-image-11704\" srcset=\"https:\/\/vatansehitleri.org\/wp-content\/uploads\/2026\/04\/image-297.jpeg 756w, https:\/\/vatansehitleri.org\/wp-content\/uploads\/2026\/04\/image-297-300x212.jpeg 300w\" sizes=\"auto, (max-width: 756px) 100vw, 756px\" \/><\/figure>\n\n\n\n<figure class=\"wp-block-image size-full\"><img loading=\"lazy\" decoding=\"async\" width=\"756\" height=\"535\" src=\"https:\/\/vatansehitleri.org\/wp-content\/uploads\/2026\/04\/image-293.jpeg\" alt=\"\" class=\"wp-image-11699\" srcset=\"https:\/\/vatansehitleri.org\/wp-content\/uploads\/2026\/04\/image-293.jpeg 756w, https:\/\/vatansehitleri.org\/wp-content\/uploads\/2026\/04\/image-293-300x212.jpeg 300w\" sizes=\"auto, (max-width: 756px) 100vw, 756px\" \/><\/figure>\n\n\n\n<figure class=\"wp-block-image size-full\"><img loading=\"lazy\" decoding=\"async\" width=\"756\" height=\"535\" src=\"https:\/\/vatansehitleri.org\/wp-content\/uploads\/2026\/04\/image-295.jpeg\" alt=\"\" class=\"wp-image-11703\" srcset=\"https:\/\/vatansehitleri.org\/wp-content\/uploads\/2026\/04\/image-295.jpeg 756w, https:\/\/vatansehitleri.org\/wp-content\/uploads\/2026\/04\/image-295-300x212.jpeg 300w\" sizes=\"auto, (max-width: 756px) 100vw, 756px\" \/><\/figure>\n\n\n\n<p><strong>\u015eehit Aileleri ve Gazilerimizi&nbsp; unutmad\u0131klar\u0131 i\u00e7in&nbsp;ERBAKAN VAKFI &#8211; Kad\u0131n Kollar\u0131 Ba\u015fkanl\u0131\u011f\u0131na te\u015fekk\u00fcr ederiz.<\/strong><\/p>\n\n\n\n<p><strong>Vatan \u015eehit ve Gazi Aileleri Derne\u011fi<\/strong><\/p>\n\n\n\n<figure class=\"wp-block-image size-full\"><img loading=\"lazy\" decoding=\"async\" width=\"756\" height=\"153\" src=\"https:\/\/vatansehitleri.org\/wp-content\/uploads\/2026\/04\/image-298.jpeg\" alt=\"\" class=\"wp-image-11705\" srcset=\"https:\/\/vatansehitleri.org\/wp-content\/uploads\/2026\/04\/image-298.jpeg 756w, https:\/\/vatansehitleri.org\/wp-content\/uploads\/2026\/04\/image-298-300x61.jpeg 300w\" sizes=\"auto, (max-width: 756px) 100vw, 756px\" \/><\/figure>\n\n\n\n<p>********************<\/p>\n\n\n\n<p><strong>ERBAKAN VAKFI&#8217;ndan<\/strong><\/p>\n\n\n\n<p><strong>\u015eehit Aileleri ve Gazilere ziyaret. Vatan \u015eehit Aileleri Sosyal Yard\u0131mla\u015fma ve Dayan\u0131\u015fma Derne\u011finde ger\u00e7ekle\u015fen ziyarette Vak\u0131f yetkilileri; K\u0131br\u0131s Gazileri, G\u00fcneydo\u011fu \u015eehit Aileleri, Kore Gazileri,15 Temmuz Gazileri ve \u015eehit Aileleri ile sohbet ederek talepleri hakk\u0131nda bilgi ald\u0131. 23.09.2017<\/strong><\/p>\n\n\n\n<p><strong>Ekleyen KNN Tun\u00e7<\/strong><\/p>\n\n\n\n<figure class=\"wp-block-image size-full\"><img loading=\"lazy\" decoding=\"async\" width=\"756\" height=\"535\" src=\"https:\/\/vatansehitleri.org\/wp-content\/uploads\/2026\/04\/image-299.jpeg\" alt=\"\" class=\"wp-image-11706\" srcset=\"https:\/\/vatansehitleri.org\/wp-content\/uploads\/2026\/04\/image-299.jpeg 756w, https:\/\/vatansehitleri.org\/wp-content\/uploads\/2026\/04\/image-299-300x212.jpeg 300w\" sizes=\"auto, (max-width: 756px) 100vw, 756px\" \/><\/figure>\n\n\n\n<figure class=\"wp-block-image size-large\"><img loading=\"lazy\" decoding=\"async\" width=\"626\" height=\"1024\" src=\"https:\/\/vatansehitleri.org\/wp-content\/uploads\/2026\/04\/image-301-626x1024.jpeg\" alt=\"\" class=\"wp-image-11709\" srcset=\"https:\/\/vatansehitleri.org\/wp-content\/uploads\/2026\/04\/image-301-626x1024.jpeg 626w, https:\/\/vatansehitleri.org\/wp-content\/uploads\/2026\/04\/image-301-183x300.jpeg 183w, https:\/\/vatansehitleri.org\/wp-content\/uploads\/2026\/04\/image-301.jpeg 713w\" sizes=\"auto, (max-width: 626px) 100vw, 626px\" \/><\/figure>\n\n\n\n<figure class=\"wp-block-image size-full\"><img loading=\"lazy\" decoding=\"async\" width=\"756\" height=\"535\" src=\"https:\/\/vatansehitleri.org\/wp-content\/uploads\/2026\/04\/image-303.jpeg\" alt=\"\" class=\"wp-image-11714\" srcset=\"https:\/\/vatansehitleri.org\/wp-content\/uploads\/2026\/04\/image-303.jpeg 756w, https:\/\/vatansehitleri.org\/wp-content\/uploads\/2026\/04\/image-303-300x212.jpeg 300w\" sizes=\"auto, (max-width: 756px) 100vw, 756px\" \/><\/figure>\n\n\n\n<p><\/p>\n\n\n\n<p>********************<\/p>\n\n\n\n<p>01.09.2017<\/p>\n\n\n\n<p>KURBAN BAYRAMI ETK\u0130NL\u0130KLER\u0130<\/p>\n\n\n\n<p><strong>Ekleyen KNN Tun\u00e7<\/strong><\/p>\n\n\n\n<figure class=\"wp-block-image size-large\"><img loading=\"lazy\" decoding=\"async\" width=\"724\" height=\"1024\" src=\"https:\/\/vatansehitleri.org\/wp-content\/uploads\/2026\/04\/image-307-724x1024.jpeg\" alt=\"\" class=\"wp-image-11719\" srcset=\"https:\/\/vatansehitleri.org\/wp-content\/uploads\/2026\/04\/image-307-724x1024.jpeg 724w, https:\/\/vatansehitleri.org\/wp-content\/uploads\/2026\/04\/image-307-212x300.jpeg 212w, https:\/\/vatansehitleri.org\/wp-content\/uploads\/2026\/04\/image-307.jpeg 756w\" sizes=\"auto, (max-width: 724px) 100vw, 724px\" \/><\/figure>\n\n\n\n<p>CUMHURBA\u015eKANLI\u011eI BAYRAMLA\u015eMA ETK\u0130NL\u0130\u011e\u0130<\/p>\n\n\n\n<p>HAL\u0130\u00c7 KONGRE SARAYI<\/p>\n\n\n\n<p>SAAT:15:30<\/p>\n\n\n\n<p><strong>Ekleyen KNN Tun\u00e7<\/strong><\/p>\n\n\n\n<figure class=\"wp-block-image size-large\"><img loading=\"lazy\" decoding=\"async\" width=\"601\" height=\"1024\" src=\"https:\/\/vatansehitleri.org\/wp-content\/uploads\/2026\/04\/image-304-601x1024.jpeg\" alt=\"\" class=\"wp-image-11712\" srcset=\"https:\/\/vatansehitleri.org\/wp-content\/uploads\/2026\/04\/image-304-601x1024.jpeg 601w, https:\/\/vatansehitleri.org\/wp-content\/uploads\/2026\/04\/image-304-176x300.jpeg 176w, https:\/\/vatansehitleri.org\/wp-content\/uploads\/2026\/04\/image-304.jpeg 685w\" sizes=\"auto, (max-width: 601px) 100vw, 601px\" \/><\/figure>\n\n\n\n<figure class=\"wp-block-image size-large\"><img loading=\"lazy\" decoding=\"async\" width=\"626\" height=\"1024\" src=\"https:\/\/vatansehitleri.org\/wp-content\/uploads\/2026\/04\/image-301-626x1024.jpeg\" alt=\"\" class=\"wp-image-11708\" srcset=\"https:\/\/vatansehitleri.org\/wp-content\/uploads\/2026\/04\/image-301-626x1024.jpeg 626w, https:\/\/vatansehitleri.org\/wp-content\/uploads\/2026\/04\/image-301-183x300.jpeg 183w, https:\/\/vatansehitleri.org\/wp-content\/uploads\/2026\/04\/image-301.jpeg 713w\" sizes=\"auto, (max-width: 626px) 100vw, 626px\" \/><\/figure>\n\n\n\n<figure class=\"wp-block-image size-large\"><img loading=\"lazy\" decoding=\"async\" width=\"605\" height=\"1024\" src=\"https:\/\/vatansehitleri.org\/wp-content\/uploads\/2026\/04\/image-308-605x1024.jpeg\" alt=\"\" class=\"wp-image-11717\" srcset=\"https:\/\/vatansehitleri.org\/wp-content\/uploads\/2026\/04\/image-308-605x1024.jpeg 605w, https:\/\/vatansehitleri.org\/wp-content\/uploads\/2026\/04\/image-308-177x300.jpeg 177w, https:\/\/vatansehitleri.org\/wp-content\/uploads\/2026\/04\/image-308.jpeg 690w\" sizes=\"auto, (max-width: 605px) 100vw, 605px\" \/><\/figure>\n\n\n\n<figure class=\"wp-block-image size-full\"><img loading=\"lazy\" decoding=\"async\" width=\"756\" height=\"567\" src=\"https:\/\/vatansehitleri.org\/wp-content\/uploads\/2026\/04\/image-300.jpeg\" alt=\"\" class=\"wp-image-11707\" srcset=\"https:\/\/vatansehitleri.org\/wp-content\/uploads\/2026\/04\/image-300.jpeg 756w, https:\/\/vatansehitleri.org\/wp-content\/uploads\/2026\/04\/image-300-300x225.jpeg 300w\" sizes=\"auto, (max-width: 756px) 100vw, 756px\" \/><\/figure>\n\n\n\n<figure class=\"wp-block-image size-full\"><img loading=\"lazy\" decoding=\"async\" width=\"756\" height=\"567\" src=\"https:\/\/vatansehitleri.org\/wp-content\/uploads\/2026\/04\/image-306.jpeg\" alt=\"\" class=\"wp-image-11716\" srcset=\"https:\/\/vatansehitleri.org\/wp-content\/uploads\/2026\/04\/image-306.jpeg 756w, https:\/\/vatansehitleri.org\/wp-content\/uploads\/2026\/04\/image-306-300x225.jpeg 300w\" sizes=\"auto, (max-width: 756px) 100vw, 756px\" \/><\/figure>\n\n\n\n<figure class=\"wp-block-image size-full\"><img loading=\"lazy\" decoding=\"async\" width=\"756\" height=\"567\" src=\"https:\/\/vatansehitleri.org\/wp-content\/uploads\/2026\/04\/image-302.jpeg\" alt=\"\" class=\"wp-image-11710\" srcset=\"https:\/\/vatansehitleri.org\/wp-content\/uploads\/2026\/04\/image-302.jpeg 756w, https:\/\/vatansehitleri.org\/wp-content\/uploads\/2026\/04\/image-302-300x225.jpeg 300w\" sizes=\"auto, (max-width: 756px) 100vw, 756px\" \/><\/figure>\n\n\n\n<figure class=\"wp-block-image size-full\"><img loading=\"lazy\" decoding=\"async\" width=\"756\" height=\"567\" src=\"https:\/\/vatansehitleri.org\/wp-content\/uploads\/2026\/04\/image-302.jpeg\" alt=\"\" class=\"wp-image-11711\" srcset=\"https:\/\/vatansehitleri.org\/wp-content\/uploads\/2026\/04\/image-302.jpeg 756w, https:\/\/vatansehitleri.org\/wp-content\/uploads\/2026\/04\/image-302-300x225.jpeg 300w\" sizes=\"auto, (max-width: 756px) 100vw, 756px\" \/><\/figure>\n\n\n\n<figure class=\"wp-block-image size-full\"><img loading=\"lazy\" decoding=\"async\" width=\"756\" height=\"567\" src=\"https:\/\/vatansehitleri.org\/wp-content\/uploads\/2026\/04\/image-309.jpeg\" alt=\"\" class=\"wp-image-11718\" srcset=\"https:\/\/vatansehitleri.org\/wp-content\/uploads\/2026\/04\/image-309.jpeg 756w, https:\/\/vatansehitleri.org\/wp-content\/uploads\/2026\/04\/image-309-300x225.jpeg 300w\" sizes=\"auto, (max-width: 756px) 100vw, 756px\" \/><\/figure>\n\n\n\n<figure class=\"wp-block-image size-full\"><img loading=\"lazy\" decoding=\"async\" width=\"756\" height=\"567\" src=\"https:\/\/vatansehitleri.org\/wp-content\/uploads\/2026\/04\/image-305.jpeg\" alt=\"\" class=\"wp-image-11713\" srcset=\"https:\/\/vatansehitleri.org\/wp-content\/uploads\/2026\/04\/image-305.jpeg 756w, https:\/\/vatansehitleri.org\/wp-content\/uploads\/2026\/04\/image-305-300x225.jpeg 300w\" sizes=\"auto, (max-width: 756px) 100vw, 756px\" \/><\/figure>\n\n\n\n<figure class=\"wp-block-image size-full\"><img loading=\"lazy\" decoding=\"async\" width=\"945\" height=\"709\" src=\"https:\/\/vatansehitleri.org\/wp-content\/uploads\/2026\/04\/image-15.png\" alt=\"\" class=\"wp-image-11720\" srcset=\"https:\/\/vatansehitleri.org\/wp-content\/uploads\/2026\/04\/image-15.png 945w, https:\/\/vatansehitleri.org\/wp-content\/uploads\/2026\/04\/image-15-300x225.png 300w\" sizes=\"auto, (max-width: 945px) 100vw, 945px\" \/><\/figure>\n\n\n\n<figure class=\"wp-block-image size-full\"><img loading=\"lazy\" decoding=\"async\" width=\"756\" height=\"567\" src=\"https:\/\/vatansehitleri.org\/wp-content\/uploads\/2026\/04\/image-322.jpeg\" alt=\"\" class=\"wp-image-11737\" srcset=\"https:\/\/vatansehitleri.org\/wp-content\/uploads\/2026\/04\/image-322.jpeg 756w, https:\/\/vatansehitleri.org\/wp-content\/uploads\/2026\/04\/image-322-300x225.jpeg 300w\" sizes=\"auto, (max-width: 756px) 100vw, 756px\" \/><\/figure>\n\n\n\n<figure class=\"wp-block-image size-full\"><img loading=\"lazy\" decoding=\"async\" width=\"756\" height=\"567\" src=\"https:\/\/vatansehitleri.org\/wp-content\/uploads\/2026\/04\/image-324.jpeg\" alt=\"\" class=\"wp-image-11739\" srcset=\"https:\/\/vatansehitleri.org\/wp-content\/uploads\/2026\/04\/image-324.jpeg 756w, https:\/\/vatansehitleri.org\/wp-content\/uploads\/2026\/04\/image-324-300x225.jpeg 300w\" sizes=\"auto, (max-width: 756px) 100vw, 756px\" \/><\/figure>\n\n\n\n<figure class=\"wp-block-image size-full\"><img loading=\"lazy\" decoding=\"async\" width=\"756\" height=\"567\" src=\"https:\/\/vatansehitleri.org\/wp-content\/uploads\/2026\/04\/image-323.jpeg\" alt=\"\" class=\"wp-image-11738\" srcset=\"https:\/\/vatansehitleri.org\/wp-content\/uploads\/2026\/04\/image-323.jpeg 756w, https:\/\/vatansehitleri.org\/wp-content\/uploads\/2026\/04\/image-323-300x225.jpeg 300w\" sizes=\"auto, (max-width: 756px) 100vw, 756px\" \/><\/figure>\n\n\n\n<figure class=\"wp-block-image size-full\"><img loading=\"lazy\" decoding=\"async\" width=\"756\" height=\"567\" src=\"https:\/\/vatansehitleri.org\/wp-content\/uploads\/2026\/04\/image-326.jpeg\" alt=\"\" class=\"wp-image-11741\" srcset=\"https:\/\/vatansehitleri.org\/wp-content\/uploads\/2026\/04\/image-326.jpeg 756w, https:\/\/vatansehitleri.org\/wp-content\/uploads\/2026\/04\/image-326-300x225.jpeg 300w\" sizes=\"auto, (max-width: 756px) 100vw, 756px\" \/><\/figure>\n\n\n\n<figure class=\"wp-block-image size-full\"><img loading=\"lazy\" decoding=\"async\" width=\"756\" height=\"567\" src=\"https:\/\/vatansehitleri.org\/wp-content\/uploads\/2026\/04\/image-325.jpeg\" alt=\"\" class=\"wp-image-11740\" srcset=\"https:\/\/vatansehitleri.org\/wp-content\/uploads\/2026\/04\/image-325.jpeg 756w, https:\/\/vatansehitleri.org\/wp-content\/uploads\/2026\/04\/image-325-300x225.jpeg 300w\" sizes=\"auto, (max-width: 756px) 100vw, 756px\" \/><\/figure>\n\n\n\n<figure class=\"wp-block-image size-full\"><img loading=\"lazy\" decoding=\"async\" width=\"756\" height=\"567\" src=\"https:\/\/vatansehitleri.org\/wp-content\/uploads\/2026\/04\/image-327.jpeg\" alt=\"\" class=\"wp-image-11742\" srcset=\"https:\/\/vatansehitleri.org\/wp-content\/uploads\/2026\/04\/image-327.jpeg 756w, https:\/\/vatansehitleri.org\/wp-content\/uploads\/2026\/04\/image-327-300x225.jpeg 300w\" sizes=\"auto, (max-width: 756px) 100vw, 756px\" \/><\/figure>\n\n\n\n<figure class=\"wp-block-image size-full\"><img loading=\"lazy\" decoding=\"async\" width=\"756\" height=\"567\" src=\"https:\/\/vatansehitleri.org\/wp-content\/uploads\/2026\/04\/image-329.jpeg\" alt=\"\" class=\"wp-image-11744\" srcset=\"https:\/\/vatansehitleri.org\/wp-content\/uploads\/2026\/04\/image-329.jpeg 756w, https:\/\/vatansehitleri.org\/wp-content\/uploads\/2026\/04\/image-329-300x225.jpeg 300w\" sizes=\"auto, (max-width: 756px) 100vw, 756px\" \/><\/figure>\n\n\n\n<figure class=\"wp-block-image size-full\"><img loading=\"lazy\" decoding=\"async\" width=\"756\" height=\"567\" src=\"https:\/\/vatansehitleri.org\/wp-content\/uploads\/2026\/04\/image-328.jpeg\" alt=\"\" class=\"wp-image-11743\" srcset=\"https:\/\/vatansehitleri.org\/wp-content\/uploads\/2026\/04\/image-328.jpeg 756w, https:\/\/vatansehitleri.org\/wp-content\/uploads\/2026\/04\/image-328-300x225.jpeg 300w\" sizes=\"auto, (max-width: 756px) 100vw, 756px\" \/><\/figure>\n\n\n\n<figure class=\"wp-block-image size-full\"><img loading=\"lazy\" decoding=\"async\" width=\"756\" height=\"567\" src=\"https:\/\/vatansehitleri.org\/wp-content\/uploads\/2026\/04\/image-330.jpeg\" alt=\"\" class=\"wp-image-11745\" srcset=\"https:\/\/vatansehitleri.org\/wp-content\/uploads\/2026\/04\/image-330.jpeg 756w, https:\/\/vatansehitleri.org\/wp-content\/uploads\/2026\/04\/image-330-300x225.jpeg 300w\" sizes=\"auto, (max-width: 756px) 100vw, 756px\" \/><\/figure>\n\n\n\n<figure class=\"wp-block-image size-full\"><img loading=\"lazy\" decoding=\"async\" width=\"756\" height=\"567\" src=\"https:\/\/vatansehitleri.org\/wp-content\/uploads\/2026\/04\/image-332.jpeg\" alt=\"\" class=\"wp-image-11747\" srcset=\"https:\/\/vatansehitleri.org\/wp-content\/uploads\/2026\/04\/image-332.jpeg 756w, https:\/\/vatansehitleri.org\/wp-content\/uploads\/2026\/04\/image-332-300x225.jpeg 300w\" sizes=\"auto, (max-width: 756px) 100vw, 756px\" \/><\/figure>\n\n\n\n<figure class=\"wp-block-image size-full\"><img loading=\"lazy\" decoding=\"async\" width=\"756\" height=\"567\" src=\"https:\/\/vatansehitleri.org\/wp-content\/uploads\/2026\/04\/image-331.jpeg\" alt=\"\" class=\"wp-image-11746\" srcset=\"https:\/\/vatansehitleri.org\/wp-content\/uploads\/2026\/04\/image-331.jpeg 756w, https:\/\/vatansehitleri.org\/wp-content\/uploads\/2026\/04\/image-331-300x225.jpeg 300w\" sizes=\"auto, (max-width: 756px) 100vw, 756px\" \/><\/figure>\n\n\n\n<figure class=\"wp-block-image size-full\"><img loading=\"lazy\" decoding=\"async\" width=\"756\" height=\"567\" src=\"https:\/\/vatansehitleri.org\/wp-content\/uploads\/2026\/04\/image-333.jpeg\" alt=\"\" class=\"wp-image-11748\" srcset=\"https:\/\/vatansehitleri.org\/wp-content\/uploads\/2026\/04\/image-333.jpeg 756w, https:\/\/vatansehitleri.org\/wp-content\/uploads\/2026\/04\/image-333-300x225.jpeg 300w\" sizes=\"auto, (max-width: 756px) 100vw, 756px\" \/><\/figure>\n\n\n\n<figure class=\"wp-block-image size-full\"><img loading=\"lazy\" decoding=\"async\" width=\"756\" height=\"567\" src=\"https:\/\/vatansehitleri.org\/wp-content\/uploads\/2026\/04\/image-335.jpeg\" alt=\"\" class=\"wp-image-11749\" srcset=\"https:\/\/vatansehitleri.org\/wp-content\/uploads\/2026\/04\/image-335.jpeg 756w, https:\/\/vatansehitleri.org\/wp-content\/uploads\/2026\/04\/image-335-300x225.jpeg 300w\" sizes=\"auto, (max-width: 756px) 100vw, 756px\" \/><\/figure>\n\n\n\n<figure class=\"wp-block-image size-full\"><img loading=\"lazy\" decoding=\"async\" width=\"756\" height=\"567\" src=\"https:\/\/vatansehitleri.org\/wp-content\/uploads\/2026\/04\/image-336.jpeg\" alt=\"\" class=\"wp-image-11751\" srcset=\"https:\/\/vatansehitleri.org\/wp-content\/uploads\/2026\/04\/image-336.jpeg 756w, https:\/\/vatansehitleri.org\/wp-content\/uploads\/2026\/04\/image-336-300x225.jpeg 300w\" sizes=\"auto, (max-width: 756px) 100vw, 756px\" \/><\/figure>\n\n\n\n<figure class=\"wp-block-image size-full\"><img loading=\"lazy\" decoding=\"async\" width=\"756\" height=\"567\" src=\"https:\/\/vatansehitleri.org\/wp-content\/uploads\/2026\/04\/image-337.jpeg\" alt=\"\" class=\"wp-image-11752\" srcset=\"https:\/\/vatansehitleri.org\/wp-content\/uploads\/2026\/04\/image-337.jpeg 756w, https:\/\/vatansehitleri.org\/wp-content\/uploads\/2026\/04\/image-337-300x225.jpeg 300w\" sizes=\"auto, (max-width: 756px) 100vw, 756px\" \/><\/figure>\n\n\n\n<figure class=\"wp-block-image size-full\"><img loading=\"lazy\" decoding=\"async\" width=\"756\" height=\"567\" src=\"https:\/\/vatansehitleri.org\/wp-content\/uploads\/2026\/04\/image-334.jpeg\" alt=\"\" class=\"wp-image-11750\" srcset=\"https:\/\/vatansehitleri.org\/wp-content\/uploads\/2026\/04\/image-334.jpeg 756w, https:\/\/vatansehitleri.org\/wp-content\/uploads\/2026\/04\/image-334-300x225.jpeg 300w\" sizes=\"auto, (max-width: 756px) 100vw, 756px\" \/><\/figure>\n\n\n\n<figure class=\"wp-block-image size-full\"><img loading=\"lazy\" decoding=\"async\" width=\"756\" height=\"534\" src=\"https:\/\/vatansehitleri.org\/wp-content\/uploads\/2026\/04\/image-338.jpeg\" alt=\"\" class=\"wp-image-11753\" srcset=\"https:\/\/vatansehitleri.org\/wp-content\/uploads\/2026\/04\/image-338.jpeg 756w, https:\/\/vatansehitleri.org\/wp-content\/uploads\/2026\/04\/image-338-300x212.jpeg 300w\" sizes=\"auto, (max-width: 756px) 100vw, 756px\" \/><\/figure>\n\n\n\n<figure class=\"wp-block-image size-full\"><img loading=\"lazy\" decoding=\"async\" width=\"756\" height=\"534\" src=\"https:\/\/vatansehitleri.org\/wp-content\/uploads\/2026\/04\/image-339.jpeg\" alt=\"\" class=\"wp-image-11754\" srcset=\"https:\/\/vatansehitleri.org\/wp-content\/uploads\/2026\/04\/image-339.jpeg 756w, https:\/\/vatansehitleri.org\/wp-content\/uploads\/2026\/04\/image-339-300x212.jpeg 300w\" sizes=\"auto, (max-width: 756px) 100vw, 756px\" \/><\/figure>\n\n\n\n<p>30 A\u011eUSTOS ZAFER BAYRAMI &#8211; TAKS\u0130M CUMHUR\u0130YET MEYDANI T\u00d6RENE KATILIM<\/p>\n\n\n\n<p>30 A\u011eUSTOS 2017<\/p>\n\n\n\n<figure class=\"wp-block-image size-full\"><img loading=\"lazy\" decoding=\"async\" width=\"756\" height=\"567\" src=\"https:\/\/vatansehitleri.org\/wp-content\/uploads\/2026\/04\/image-340.jpeg\" alt=\"\" class=\"wp-image-11755\" srcset=\"https:\/\/vatansehitleri.org\/wp-content\/uploads\/2026\/04\/image-340.jpeg 756w, https:\/\/vatansehitleri.org\/wp-content\/uploads\/2026\/04\/image-340-300x225.jpeg 300w\" sizes=\"auto, (max-width: 756px) 100vw, 756px\" \/><\/figure>\n\n\n\n<figure class=\"wp-block-image size-full\"><img loading=\"lazy\" decoding=\"async\" width=\"756\" height=\"567\" src=\"https:\/\/vatansehitleri.org\/wp-content\/uploads\/2026\/04\/image-341.jpeg\" alt=\"\" class=\"wp-image-11757\" srcset=\"https:\/\/vatansehitleri.org\/wp-content\/uploads\/2026\/04\/image-341.jpeg 756w, https:\/\/vatansehitleri.org\/wp-content\/uploads\/2026\/04\/image-341-300x225.jpeg 300w\" sizes=\"auto, (max-width: 756px) 100vw, 756px\" \/><\/figure>\n\n\n\n<figure class=\"wp-block-image size-full\"><img loading=\"lazy\" decoding=\"async\" width=\"756\" height=\"567\" src=\"https:\/\/vatansehitleri.org\/wp-content\/uploads\/2026\/04\/image-345.jpeg\" alt=\"\" class=\"wp-image-11760\" srcset=\"https:\/\/vatansehitleri.org\/wp-content\/uploads\/2026\/04\/image-345.jpeg 756w, https:\/\/vatansehitleri.org\/wp-content\/uploads\/2026\/04\/image-345-300x225.jpeg 300w\" sizes=\"auto, (max-width: 756px) 100vw, 756px\" \/><\/figure>\n\n\n\n<p>*********************************************************************<\/p>\n\n\n\n<p><strong>ORMAN VE SU \u0130\u015eLER\u0130 BAKANLI\u011eI ANKARA<\/strong><\/p>\n\n\n\n<p><strong>31.07.2017<\/strong><\/p>\n\n\n\n<p><strong>Ekleyen KNN Tun\u00e7<\/strong><\/p>\n\n\n\n<figure class=\"wp-block-image size-full\"><img loading=\"lazy\" decoding=\"async\" width=\"756\" height=\"633\" src=\"https:\/\/vatansehitleri.org\/wp-content\/uploads\/2026\/04\/image-342.jpeg\" alt=\"\" class=\"wp-image-11756\" srcset=\"https:\/\/vatansehitleri.org\/wp-content\/uploads\/2026\/04\/image-342.jpeg 756w, https:\/\/vatansehitleri.org\/wp-content\/uploads\/2026\/04\/image-342-300x251.jpeg 300w\" sizes=\"auto, (max-width: 756px) 100vw, 756px\" \/><\/figure>\n\n\n\n<p><strong>T.C.<\/strong><\/p>\n\n\n\n<p><strong>CUMHURBA\u015eKANLI\u011eI-ANKARA<\/strong><\/p>\n\n\n\n<p><strong>31.07.2017<\/strong><\/p>\n\n\n\n<p><strong>Ekleyen KNN Tun\u00e7<\/strong><\/p>\n\n\n\n<figure class=\"wp-block-image size-full\"><img loading=\"lazy\" decoding=\"async\" width=\"756\" height=\"426\" src=\"https:\/\/vatansehitleri.org\/wp-content\/uploads\/2026\/04\/image-346.jpeg\" alt=\"\" class=\"wp-image-11762\" srcset=\"https:\/\/vatansehitleri.org\/wp-content\/uploads\/2026\/04\/image-346.jpeg 756w, https:\/\/vatansehitleri.org\/wp-content\/uploads\/2026\/04\/image-346-300x169.jpeg 300w\" sizes=\"auto, (max-width: 756px) 100vw, 756px\" \/><\/figure>\n\n\n\n<figure class=\"wp-block-image size-large\"><img loading=\"lazy\" decoding=\"async\" width=\"577\" height=\"1024\" src=\"https:\/\/vatansehitleri.org\/wp-content\/uploads\/2026\/04\/image-347-577x1024.jpeg\" alt=\"\" class=\"wp-image-11761\" srcset=\"https:\/\/vatansehitleri.org\/wp-content\/uploads\/2026\/04\/image-347-577x1024.jpeg 577w, https:\/\/vatansehitleri.org\/wp-content\/uploads\/2026\/04\/image-347-169x300.jpeg 169w, https:\/\/vatansehitleri.org\/wp-content\/uploads\/2026\/04\/image-347.jpeg 658w\" sizes=\"auto, (max-width: 577px) 100vw, 577px\" \/><\/figure>\n\n\n\n<figure class=\"wp-block-image size-large\"><img loading=\"lazy\" decoding=\"async\" width=\"577\" height=\"1024\" src=\"https:\/\/vatansehitleri.org\/wp-content\/uploads\/2026\/04\/image-347-577x1024.jpeg\" alt=\"\" class=\"wp-image-11763\" srcset=\"https:\/\/vatansehitleri.org\/wp-content\/uploads\/2026\/04\/image-347-577x1024.jpeg 577w, https:\/\/vatansehitleri.org\/wp-content\/uploads\/2026\/04\/image-347-169x300.jpeg 169w, https:\/\/vatansehitleri.org\/wp-content\/uploads\/2026\/04\/image-347.jpeg 658w\" sizes=\"auto, (max-width: 577px) 100vw, 577px\" \/><\/figure>\n\n\n\n<figure class=\"wp-block-image size-large\"><img loading=\"lazy\" decoding=\"async\" width=\"577\" height=\"1024\" src=\"https:\/\/vatansehitleri.org\/wp-content\/uploads\/2026\/04\/image-344-577x1024.jpeg\" alt=\"\" class=\"wp-image-11758\" srcset=\"https:\/\/vatansehitleri.org\/wp-content\/uploads\/2026\/04\/image-344-577x1024.jpeg 577w, https:\/\/vatansehitleri.org\/wp-content\/uploads\/2026\/04\/image-344-169x300.jpeg 169w, https:\/\/vatansehitleri.org\/wp-content\/uploads\/2026\/04\/image-344.jpeg 658w\" sizes=\"auto, (max-width: 577px) 100vw, 577px\" \/><\/figure>\n\n\n\n<figure class=\"wp-block-image size-full is-resized\"><img loading=\"lazy\" decoding=\"async\" width=\"756\" height=\"329\" src=\"https:\/\/vatansehitleri.org\/wp-content\/uploads\/2026\/04\/image-343.jpeg\" alt=\"\" class=\"wp-image-11759\" style=\"aspect-ratio:2.297933982426977;width:573px;height:auto\" srcset=\"https:\/\/vatansehitleri.org\/wp-content\/uploads\/2026\/04\/image-343.jpeg 756w, https:\/\/vatansehitleri.org\/wp-content\/uploads\/2026\/04\/image-343-300x131.jpeg 300w\" sizes=\"auto, (max-width: 756px) 100vw, 756px\" \/><\/figure>\n\n\n\n<p><\/p>\n\n\n\n<p><strong>15 Temmuz \u015eehit Yak\u0131nlar\u0131 ve Gaziler Derne\u011fi etkinli\u011finde 15 Temmuz \u015eehit Yak\u0131nlar\u0131 ve Gazileri ile beraber, Ey\u00fcp Sultan Camisinde Sabah Namaz\u0131 \u00e7\u0131k\u0131\u015f\u0131 \u0130sraili beraber protesto ettik.<\/strong><\/p>\n\n\n\n<p><strong>23.07.2017<\/strong><\/p>\n\n\n\n<figure class=\"wp-block-image size-full\"><img loading=\"lazy\" decoding=\"async\" width=\"756\" height=\"567\" src=\"https:\/\/vatansehitleri.org\/wp-content\/uploads\/2026\/04\/image-348.jpeg\" alt=\"\" class=\"wp-image-11765\" srcset=\"https:\/\/vatansehitleri.org\/wp-content\/uploads\/2026\/04\/image-348.jpeg 756w, https:\/\/vatansehitleri.org\/wp-content\/uploads\/2026\/04\/image-348-300x225.jpeg 300w\" sizes=\"auto, (max-width: 756px) 100vw, 756px\" \/><\/figure>\n\n\n\n<figure class=\"wp-block-image size-large\"><img loading=\"lazy\" decoding=\"async\" width=\"724\" height=\"1024\" src=\"https:\/\/vatansehitleri.org\/wp-content\/uploads\/2026\/04\/image-349-724x1024.jpeg\" alt=\"\" class=\"wp-image-11766\" srcset=\"https:\/\/vatansehitleri.org\/wp-content\/uploads\/2026\/04\/image-349-724x1024.jpeg 724w, https:\/\/vatansehitleri.org\/wp-content\/uploads\/2026\/04\/image-349-212x300.jpeg 212w, https:\/\/vatansehitleri.org\/wp-content\/uploads\/2026\/04\/image-349.jpeg 756w\" sizes=\"auto, (max-width: 724px) 100vw, 724px\" \/><\/figure>\n\n\n\n<figure class=\"wp-block-image size-large\"><img loading=\"lazy\" decoding=\"async\" width=\"591\" height=\"1024\" src=\"https:\/\/vatansehitleri.org\/wp-content\/uploads\/2026\/04\/image-352-591x1024.jpeg\" alt=\"\" class=\"wp-image-11769\" srcset=\"https:\/\/vatansehitleri.org\/wp-content\/uploads\/2026\/04\/image-352-591x1024.jpeg 591w, https:\/\/vatansehitleri.org\/wp-content\/uploads\/2026\/04\/image-352-173x300.jpeg 173w, https:\/\/vatansehitleri.org\/wp-content\/uploads\/2026\/04\/image-352.jpeg 673w\" sizes=\"auto, (max-width: 591px) 100vw, 591px\" \/><\/figure>\n\n\n\n<p><strong>15 Temmuz Kahraman Gazileri ve \u015eehit Yak\u0131nlar\u0131 ile 15 TEMMUZ \u015eEH\u0130T YAKINLARI VE GAZ\u0130LER DERNE\u011e\u0130 Y\u00f6neticilerinin \u0130slam\u0131n \u0130lk K\u0131blesi olan Mescidi Aksa&#8217;da ya\u015fanan zulme duyars\u0131z kalmad\u0131klar\u0131ndan dolay\u0131 kendileri ile bir kez daha gurur duydu\u011fumuzu ifade etmek isteriz.<\/strong><\/p>\n\n\n\n<p><strong>&nbsp;\u0130slam, haks\u0131z zul\u00fcmlere kar\u015f\u0131 birli\u011fi emreder.<\/strong><\/p>\n\n\n\n<p><strong>Sayg\u0131lar\u0131m\u0131zla&#8230;<\/strong><\/p>\n\n\n\n<p><strong>Vatan \u015eehit ve Gazi Aileleri Derne\u011fi<\/strong><\/p>\n\n\n\n<p><strong>Ekleyen KNN Tun\u00e7<\/strong><\/p>\n\n\n\n<p>********************<\/p>\n\n\n\n<figure class=\"wp-block-image size-full\"><img loading=\"lazy\" decoding=\"async\" width=\"756\" height=\"535\" src=\"https:\/\/vatansehitleri.org\/wp-content\/uploads\/2026\/04\/image-351.jpeg\" alt=\"\" class=\"wp-image-11768\" srcset=\"https:\/\/vatansehitleri.org\/wp-content\/uploads\/2026\/04\/image-351.jpeg 756w, https:\/\/vatansehitleri.org\/wp-content\/uploads\/2026\/04\/image-351-300x212.jpeg 300w\" sizes=\"auto, (max-width: 756px) 100vw, 756px\" \/><\/figure>\n\n\n\n<p><strong>15 TEMMUZ 2017 DARBE G\u0130R\u0130\u015e\u0130M\u0130N\u0130N YILD\u00d6N\u00dcM\u00dc NEDEN\u0130YLE VATANIN B\u00dcT\u00dcNL\u00dc\u011e\u00dc U\u011eRUNA \u015eEHADET MERTEBES\u0130NE ER\u0130\u015eEN \u015eEH\u0130TLER\u0130M\u0130Z VE GAZ\u0130LER\u0130M\u0130ZE SAYGI \u0130\u00c7\u0130N SABAH-\u015eEH\u0130TL\u0130K Z\u0130YARET\u0130, AK\u015eAM- 15 TEMMUZ \u015eEH\u0130TLER K\u00d6R\u00dcS\u00dc, GECE- VATAN CADDES\u0130 ve 20 DAK\u0130KA SONRA \u0130N\u015eAALLAH SARA\u00c7HANEDE OLACA\u011eIZ&#8230;<\/strong><\/p>\n\n\n\n<p><strong>Ekleyen KNN Tun\u00e7<\/strong><\/p>\n\n\n\n<figure class=\"wp-block-image size-full\"><img loading=\"lazy\" decoding=\"async\" width=\"756\" height=\"405\" src=\"https:\/\/vatansehitleri.org\/wp-content\/uploads\/2026\/04\/image-350.jpeg\" alt=\"\" class=\"wp-image-11767\" srcset=\"https:\/\/vatansehitleri.org\/wp-content\/uploads\/2026\/04\/image-350.jpeg 756w, https:\/\/vatansehitleri.org\/wp-content\/uploads\/2026\/04\/image-350-300x161.jpeg 300w\" sizes=\"auto, (max-width: 756px) 100vw, 756px\" \/><\/figure>\n\n\n\n<figure class=\"wp-block-image size-large\"><img loading=\"lazy\" decoding=\"async\" width=\"576\" height=\"1024\" src=\"https:\/\/vatansehitleri.org\/wp-content\/uploads\/2026\/04\/image-353-576x1024.jpeg\" alt=\"\" class=\"wp-image-11770\" srcset=\"https:\/\/vatansehitleri.org\/wp-content\/uploads\/2026\/04\/image-353-576x1024.jpeg 576w, https:\/\/vatansehitleri.org\/wp-content\/uploads\/2026\/04\/image-353-169x300.jpeg 169w, https:\/\/vatansehitleri.org\/wp-content\/uploads\/2026\/04\/image-353.jpeg 657w\" sizes=\"auto, (max-width: 576px) 100vw, 576px\" \/><\/figure>\n\n\n\n<figure class=\"wp-block-image size-full\"><img loading=\"lazy\" decoding=\"async\" width=\"756\" height=\"425\" src=\"https:\/\/vatansehitleri.org\/wp-content\/uploads\/2026\/04\/image-356.jpeg\" alt=\"\" class=\"wp-image-11772\" srcset=\"https:\/\/vatansehitleri.org\/wp-content\/uploads\/2026\/04\/image-356.jpeg 756w, https:\/\/vatansehitleri.org\/wp-content\/uploads\/2026\/04\/image-356-300x169.jpeg 300w\" sizes=\"auto, (max-width: 756px) 100vw, 756px\" \/><\/figure>\n\n\n\n<figure class=\"wp-block-image size-full\"><img loading=\"lazy\" decoding=\"async\" width=\"756\" height=\"425\" src=\"https:\/\/vatansehitleri.org\/wp-content\/uploads\/2026\/04\/image-354.jpeg\" alt=\"\" class=\"wp-image-11771\" srcset=\"https:\/\/vatansehitleri.org\/wp-content\/uploads\/2026\/04\/image-354.jpeg 756w, https:\/\/vatansehitleri.org\/wp-content\/uploads\/2026\/04\/image-354-300x169.jpeg 300w\" sizes=\"auto, (max-width: 756px) 100vw, 756px\" \/><\/figure>\n\n\n\n<figure class=\"wp-block-image size-full\"><img loading=\"lazy\" decoding=\"async\" width=\"756\" height=\"425\" src=\"https:\/\/vatansehitleri.org\/wp-content\/uploads\/2026\/04\/image-357.jpeg\" alt=\"\" class=\"wp-image-11774\" srcset=\"https:\/\/vatansehitleri.org\/wp-content\/uploads\/2026\/04\/image-357.jpeg 756w, https:\/\/vatansehitleri.org\/wp-content\/uploads\/2026\/04\/image-357-300x169.jpeg 300w\" sizes=\"auto, (max-width: 756px) 100vw, 756px\" \/><\/figure>\n\n\n\n<figure class=\"wp-block-image size-full\"><img loading=\"lazy\" decoding=\"async\" width=\"756\" height=\"425\" src=\"https:\/\/vatansehitleri.org\/wp-content\/uploads\/2026\/04\/image-358.jpeg\" alt=\"\" class=\"wp-image-11775\" srcset=\"https:\/\/vatansehitleri.org\/wp-content\/uploads\/2026\/04\/image-358.jpeg 756w, https:\/\/vatansehitleri.org\/wp-content\/uploads\/2026\/04\/image-358-300x169.jpeg 300w\" sizes=\"auto, (max-width: 756px) 100vw, 756px\" \/><\/figure>\n\n\n\n<figure class=\"wp-block-image size-full\"><img loading=\"lazy\" decoding=\"async\" width=\"756\" height=\"425\" src=\"https:\/\/vatansehitleri.org\/wp-content\/uploads\/2026\/04\/image-355.jpeg\" alt=\"\" class=\"wp-image-11773\" srcset=\"https:\/\/vatansehitleri.org\/wp-content\/uploads\/2026\/04\/image-355.jpeg 756w, https:\/\/vatansehitleri.org\/wp-content\/uploads\/2026\/04\/image-355-300x169.jpeg 300w\" sizes=\"auto, (max-width: 756px) 100vw, 756px\" \/><\/figure>\n\n\n\n<figure class=\"wp-block-image size-full\"><img loading=\"lazy\" decoding=\"async\" width=\"756\" height=\"425\" src=\"https:\/\/vatansehitleri.org\/wp-content\/uploads\/2026\/04\/image-359.jpeg\" alt=\"\" class=\"wp-image-11776\" srcset=\"https:\/\/vatansehitleri.org\/wp-content\/uploads\/2026\/04\/image-359.jpeg 756w, https:\/\/vatansehitleri.org\/wp-content\/uploads\/2026\/04\/image-359-300x169.jpeg 300w\" sizes=\"auto, (max-width: 756px) 100vw, 756px\" \/><\/figure>\n\n\n\n<p><strong>15 TEMMUZ 2017 &#8211; SARA\u00c7HANE \u0130STANBUL B\u00dcY\u00dcK\u015eEH\u0130R BELED\u0130YES\u0130 \u00d6N\u00dc SABAHA KAR\u015eI HALA DEVAM EDEN ZAFER KUTLAMALARI<\/strong><\/p>\n\n\n\n<figure class=\"wp-block-image size-full\"><img loading=\"lazy\" decoding=\"async\" width=\"756\" height=\"425\" src=\"https:\/\/vatansehitleri.org\/wp-content\/uploads\/2026\/04\/image-360.jpeg\" alt=\"\" class=\"wp-image-11779\" srcset=\"https:\/\/vatansehitleri.org\/wp-content\/uploads\/2026\/04\/image-360.jpeg 756w, https:\/\/vatansehitleri.org\/wp-content\/uploads\/2026\/04\/image-360-300x169.jpeg 300w\" sizes=\"auto, (max-width: 756px) 100vw, 756px\" \/><\/figure>\n\n\n\n<figure class=\"wp-block-image size-full\"><img loading=\"lazy\" decoding=\"async\" width=\"756\" height=\"425\" src=\"https:\/\/vatansehitleri.org\/wp-content\/uploads\/2026\/04\/image-362.jpeg\" alt=\"\" class=\"wp-image-11780\" srcset=\"https:\/\/vatansehitleri.org\/wp-content\/uploads\/2026\/04\/image-362.jpeg 756w, https:\/\/vatansehitleri.org\/wp-content\/uploads\/2026\/04\/image-362-300x169.jpeg 300w\" sizes=\"auto, (max-width: 756px) 100vw, 756px\" \/><\/figure>\n\n\n\n<figure class=\"wp-block-image size-full\"><img loading=\"lazy\" decoding=\"async\" width=\"756\" height=\"425\" src=\"https:\/\/vatansehitleri.org\/wp-content\/uploads\/2026\/04\/image-366.jpeg\" alt=\"\" class=\"wp-image-11784\" srcset=\"https:\/\/vatansehitleri.org\/wp-content\/uploads\/2026\/04\/image-366.jpeg 756w, https:\/\/vatansehitleri.org\/wp-content\/uploads\/2026\/04\/image-366-300x169.jpeg 300w\" sizes=\"auto, (max-width: 756px) 100vw, 756px\" \/><\/figure>\n\n\n\n<figure class=\"wp-block-image size-full\"><img loading=\"lazy\" decoding=\"async\" width=\"756\" height=\"425\" src=\"https:\/\/vatansehitleri.org\/wp-content\/uploads\/2026\/04\/image-363.jpeg\" alt=\"\" class=\"wp-image-11782\" srcset=\"https:\/\/vatansehitleri.org\/wp-content\/uploads\/2026\/04\/image-363.jpeg 756w, https:\/\/vatansehitleri.org\/wp-content\/uploads\/2026\/04\/image-363-300x169.jpeg 300w\" sizes=\"auto, (max-width: 756px) 100vw, 756px\" \/><\/figure>\n\n\n\n<figure class=\"wp-block-image size-full\"><img loading=\"lazy\" decoding=\"async\" width=\"756\" height=\"425\" src=\"https:\/\/vatansehitleri.org\/wp-content\/uploads\/2026\/04\/image-364.jpeg\" alt=\"\" class=\"wp-image-11781\" srcset=\"https:\/\/vatansehitleri.org\/wp-content\/uploads\/2026\/04\/image-364.jpeg 756w, https:\/\/vatansehitleri.org\/wp-content\/uploads\/2026\/04\/image-364-300x169.jpeg 300w\" sizes=\"auto, (max-width: 756px) 100vw, 756px\" \/><\/figure>\n\n\n\n<figure class=\"wp-block-image size-full\"><img loading=\"lazy\" decoding=\"async\" width=\"756\" height=\"425\" src=\"https:\/\/vatansehitleri.org\/wp-content\/uploads\/2026\/04\/image-361.jpeg\" alt=\"\" class=\"wp-image-11778\" srcset=\"https:\/\/vatansehitleri.org\/wp-content\/uploads\/2026\/04\/image-361.jpeg 756w, https:\/\/vatansehitleri.org\/wp-content\/uploads\/2026\/04\/image-361-300x169.jpeg 300w\" sizes=\"auto, (max-width: 756px) 100vw, 756px\" \/><\/figure>\n\n\n\n<figure class=\"wp-block-image size-full\"><img loading=\"lazy\" decoding=\"async\" width=\"756\" height=\"425\" src=\"https:\/\/vatansehitleri.org\/wp-content\/uploads\/2026\/04\/image-368.jpeg\" alt=\"\" class=\"wp-image-11786\" srcset=\"https:\/\/vatansehitleri.org\/wp-content\/uploads\/2026\/04\/image-368.jpeg 756w, https:\/\/vatansehitleri.org\/wp-content\/uploads\/2026\/04\/image-368-300x169.jpeg 300w\" sizes=\"auto, (max-width: 756px) 100vw, 756px\" \/><\/figure>\n\n\n\n<figure class=\"wp-block-image size-full\"><img loading=\"lazy\" decoding=\"async\" width=\"756\" height=\"425\" src=\"https:\/\/vatansehitleri.org\/wp-content\/uploads\/2026\/04\/image-365.jpeg\" alt=\"\" class=\"wp-image-11783\" srcset=\"https:\/\/vatansehitleri.org\/wp-content\/uploads\/2026\/04\/image-365.jpeg 756w, https:\/\/vatansehitleri.org\/wp-content\/uploads\/2026\/04\/image-365-300x169.jpeg 300w\" sizes=\"auto, (max-width: 756px) 100vw, 756px\" \/><\/figure>\n\n\n\n<figure class=\"wp-block-image size-full\"><img loading=\"lazy\" decoding=\"async\" width=\"756\" height=\"425\" src=\"https:\/\/vatansehitleri.org\/wp-content\/uploads\/2026\/04\/image-370.jpeg\" alt=\"\" class=\"wp-image-11788\" srcset=\"https:\/\/vatansehitleri.org\/wp-content\/uploads\/2026\/04\/image-370.jpeg 756w, https:\/\/vatansehitleri.org\/wp-content\/uploads\/2026\/04\/image-370-300x169.jpeg 300w\" sizes=\"auto, (max-width: 756px) 100vw, 756px\" \/><\/figure>\n\n\n\n<figure class=\"wp-block-image size-full\"><img loading=\"lazy\" decoding=\"async\" width=\"756\" height=\"425\" src=\"https:\/\/vatansehitleri.org\/wp-content\/uploads\/2026\/04\/image-369.jpeg\" alt=\"\" class=\"wp-image-11787\" srcset=\"https:\/\/vatansehitleri.org\/wp-content\/uploads\/2026\/04\/image-369.jpeg 756w, https:\/\/vatansehitleri.org\/wp-content\/uploads\/2026\/04\/image-369-300x169.jpeg 300w\" sizes=\"auto, (max-width: 756px) 100vw, 756px\" \/><\/figure>\n\n\n\n<figure class=\"wp-block-image size-full\"><img loading=\"lazy\" decoding=\"async\" width=\"756\" height=\"425\" src=\"https:\/\/vatansehitleri.org\/wp-content\/uploads\/2026\/04\/image-371.jpeg\" alt=\"\" class=\"wp-image-11789\" srcset=\"https:\/\/vatansehitleri.org\/wp-content\/uploads\/2026\/04\/image-371.jpeg 756w, https:\/\/vatansehitleri.org\/wp-content\/uploads\/2026\/04\/image-371-300x169.jpeg 300w\" sizes=\"auto, (max-width: 756px) 100vw, 756px\" \/><\/figure>\n\n\n\n<figure class=\"wp-block-image size-full\"><img loading=\"lazy\" decoding=\"async\" width=\"756\" height=\"425\" src=\"https:\/\/vatansehitleri.org\/wp-content\/uploads\/2026\/04\/image-367.jpeg\" alt=\"\" class=\"wp-image-11785\" srcset=\"https:\/\/vatansehitleri.org\/wp-content\/uploads\/2026\/04\/image-367.jpeg 756w, https:\/\/vatansehitleri.org\/wp-content\/uploads\/2026\/04\/image-367-300x169.jpeg 300w\" sizes=\"auto, (max-width: 756px) 100vw, 756px\" \/><\/figure>\n","protected":false},"excerpt":{"rendered":"<p>Ekleyen KNN Tun\u00e7 ******************** Ekleyen KNN Tun\u00e7 ************* ********************** ******************** Cumhurba\u015fkan\u0131 Recep Tayyip Erdo\u011fan, Fatih Belediyesi K\u00fclt\u00fcrel Miras\u0131 \u0130hya Restorasyon Projeleri Tan\u0131t\u0131m Program\u0131&#8217;na kat\u0131ld\u0131. Pro\u011frama ayr\u0131ca Aile ve Sosyal Politikalar Bakan\u0131 Fatma Bet\u00fcl Sayan Kaya, \u0130stanbul Valisi Vasip \u015eahin, \u0130stanbul B\u00fcy\u00fck\u015fehir Belediye Ba\u015fkan\u0131 Mevl\u00fct Uysal, Fatih Belediye Ba\u015fkan\u0131 Mustafa Demir, Ak Parti \u0130l ve il\u00e7e &hellip; <\/p>\n<p class=\"link-more\"><a href=\"https:\/\/vatansehitleri.org\/index.php\/2026\/04\/23\/faaliyetler-3\/\" class=\"more-link\"><span class=\"screen-reader-text\"> &#8220;FAAL\u0130YETLER 3&#8221;<\/span>devam\u0131n\u0131 oku<\/a><\/p>\n","protected":false},"author":1,"featured_media":0,"comment_status":"open","ping_status":"open","sticky":false,"template":"","format":"standard","meta":{"footnotes":""},"categories":[1],"tags":[],"class_list":["post-11645","post","type-post","status-publish","format-standard","hentry","category-uncategorized"],"_links":{"self":[{"href":"https:\/\/vatansehitleri.org\/index.php\/wp-json\/wp\/v2\/posts\/11645","targetHints":{"allow":["GET"]}}],"collection":[{"href":"https:\/\/vatansehitleri.org\/index.php\/wp-json\/wp\/v2\/posts"}],"about":[{"href":"https:\/\/vatansehitleri.org\/index.php\/wp-json\/wp\/v2\/types\/post"}],"author":[{"embeddable":true,"href":"https:\/\/vatansehitleri.org\/index.php\/wp-json\/wp\/v2\/users\/1"}],"replies":[{"embeddable":true,"href":"https:\/\/vatansehitleri.org\/index.php\/wp-json\/wp\/v2\/comments?post=11645"}],"version-history":[{"count":5,"href":"https:\/\/vatansehitleri.org\/index.php\/wp-json\/wp\/v2\/posts\/11645\/revisions"}],"predecessor-version":[{"id":11790,"href":"https:\/\/vatansehitleri.org\/index.php\/wp-json\/wp\/v2\/posts\/11645\/revisions\/11790"}],"wp:attachment":[{"href":"https:\/\/vatansehitleri.org\/index.php\/wp-json\/wp\/v2\/media?parent=11645"}],"wp:term":[{"taxonomy":"category","embeddable":true,"href":"https:\/\/vatansehitleri.org\/index.php\/wp-json\/wp\/v2\/categories?post=11645"},{"taxonomy":"post_tag","embeddable":true,"href":"https:\/\/vatansehitleri.org\/index.php\/wp-json\/wp\/v2\/tags?post=11645"}],"curies":[{"name":"wp","href":"https:\/\/api.w.org\/{rel}","templated":true}]}}